[{"bf_titre":"DELARUE Sylvain","bf_nom":"DELARUE","bf_prenom":"Sylvain","nature_des_productions":"Sa triple formation en Sciences Humaines, Sciences de gestion et Analyse du travail nourrit son approche compr\u00e9hensive des organisations et des relations de travail.\r\nFormateur depuis 1987, son dynamisme et sa chaleur humaine en font un intervenant recherch\u00e9.","id_typeannonce":"31","id_fiche":"DelarueSylvain","date_creation_fiche":"2022-10-09 11:28:08","statut_fiche":"1","imagebf_image":"DelarueSylvain_imagebf_image_SYLVAINRECAD2_20221009112808_20221009112808.png","date_maj_fiche":"2022-10-09 11:28:08","user":"WikiAdmin","owner":"WikiAdmin","html_data":"data-bf_nom=\u0022DELARUE\u0022 data-bf_prenom=\u0022Sylvain\u0022 data-id_typeannonce=\u002231\u0022 data-id_fiche=\u0022DelarueSylvain\u0022 data-date_creation_fiche=\u00222022-10-09 11:28:08\u0022 data-statut_fiche=\u00221\u0022 data-date_maj_fiche=\u00222022-10-09 11:28:08\u0022 data-owner=\u0022WikiAdmin\u0022 ","url":"https:\/\/del-formation.fr\/DelarueSylvain","-is-external-":"0"},{"bf_titre":"DUBOEUF Patrick","bf_nom":"DUBOEUF","bf_prenom":"Patrick","nature_des_productions":"Formateur depuis 1989, ses capacit\u00e9s d\u2019adaptation et d\u2019\u00e9coute lui permettent de co construire des interventions productives et appr\u00e9ci\u00e9es. Docteur en sciences de gestion, ayant conduit une recherche sur la th\u00e9matique de la reconnaissance, La base de ses actions se concr\u00e9tise dans le maillage d\u2019une d\u00e9marche doctorale, de l\u2019exp\u00e9rience de l\u2019accompagnement en organisation, et de la mise en oeuvre p\u00e9dagogique.","id_typeannonce":"31","id_fiche":"DuboeufPatrick","date_creation_fiche":"2022-10-09 11:30:35","statut_fiche":"1","imagebf_image":"DuboeufPatrick_imagebf_image_Patrick_retouche_20221009113035_20221009113035.png","date_maj_fiche":"2022-10-09 11:30:35","user":"WikiAdmin","owner":"WikiAdmin","html_data":"data-bf_nom=\u0022DUBOEUF\u0022 data-bf_prenom=\u0022Patrick\u0022 data-id_typeannonce=\u002231\u0022 data-id_fiche=\u0022DuboeufPatrick\u0022 data-date_creation_fiche=\u00222022-10-09 11:30:35\u0022 data-statut_fiche=\u00221\u0022 data-date_maj_fiche=\u00222022-10-09 11:30:35\u0022 data-owner=\u0022WikiAdmin\u0022 ","url":"https:\/\/del-formation.fr\/DuboeufPatrick","-is-external-":"0"},{"bf_titre":"GAMBADE Thierry","bf_nom":"GAMBADE","bf_prenom":"Thierry","nature_des_productions":"Homme de terrain, il met son exp\u00e9rience et sa connaissance de gestion d\u2019\u00e9quipe au service de ses interventions. Il appr\u00e9cie les  accompagnements intra d\u2019\u00e9quipe.\r\nFormateur consultant depuis 1997, il connait parfaitement le secteur public et sa sp\u00e9cificit\u00e9.","id_typeannonce":"31","id_fiche":"GambadeThierry","imagebf_image":"GambadeThierry_imagebf_image_Thierry_retouche_20221009113000_20221009113000.png","date_creation_fiche":"2022-10-09 09:30:00","statut_fiche":"1","date_maj_fiche":"2022-10-19 16:15:22","user":"WikiAdmin","owner":"WikiAdmin","html_data":"data-bf_nom=\u0022GAMBADE\u0022 data-bf_prenom=\u0022Thierry\u0022 data-id_typeannonce=\u002231\u0022 data-id_fiche=\u0022GambadeThierry\u0022 data-date_creation_fiche=\u00222022-10-09 09:30:00\u0022 data-statut_fiche=\u00221\u0022 data-date_maj_fiche=\u00222022-10-19 16:15:22\u0022 data-owner=\u0022WikiAdmin\u0022 ","url":"https:\/\/del-formation.fr\/GambadeThierry","-is-external-":"0"},{"bf_titre":"MAURICE Magali","bf_nom":"MAURICE","bf_prenom":"Magali","nature_des_productions":"Dipl\u00f4m\u00e9e en Sciences de l\u2019\u00e9ducation et en psychologie, elle allie \u00e0 ses exp\u00e9riences de Direction et d\u2019\u00e9lue locale un sens tr\u00e8s pragmatique de l\u2019efficacit\u00e9 collective et du management .\r\nFormatrice depuis 1991, sa bonne humeur et son \u00e9nergie sont tr\u00e8s appr\u00e9ci\u00e9es de ses interlocuteurs.","id_typeannonce":"31","id_fiche":"MauriceMagali","date_creation_fiche":"2022-10-09 11:28:53","statut_fiche":"1","imagebf_image":"MauriceMagali_imagebf_image_Photo_Magali_Retouchee_20221009112853_20221009112853.png","date_maj_fiche":"2022-10-09 11:28:54","user":"WikiAdmin","owner":"WikiAdmin","html_data":"data-bf_nom=\u0022MAURICE\u0022 data-bf_prenom=\u0022Magali\u0022 data-id_typeannonce=\u002231\u0022 data-id_fiche=\u0022MauriceMagali\u0022 data-date_creation_fiche=\u00222022-10-09 11:28:53\u0022 data-statut_fiche=\u00221\u0022 data-date_maj_fiche=\u00222022-10-09 11:28:54\u0022 data-owner=\u0022WikiAdmin\u0022 ","url":"https:\/\/del-formation.fr\/MauriceMagali","-is-external-":"0"},{"bf_titre":"PAUTET Claude","bf_nom":"PAUTET","bf_prenom":"Claude","nature_des_productions":"Une formation diversifi\u00e9e en droit public et sciences politiques, en \u00e9valuation des politiques publiques, compl\u00e9t\u00e9e par un dipl\u00f4me de coach et une longue exp\u00e9rience de direction d\u2019entreprise. Un accompagnateur d\u2019\u00e9quipes de direction reconnu car particuli\u00e8rement attentif aux conditions, notamment humaines et organisationnelles, de r\u00e9ussite de ses missions.","id_typeannonce":"31","id_fiche":"PautetClaude","date_creation_fiche":"2022-10-09 11:29:32","statut_fiche":"1","imagebf_image":"PautetClaude_imagebf_image_Claude_retouche_20221009112932_20221009112932.png","date_maj_fiche":"2022-10-09 11:29:32","user":"WikiAdmin","owner":"WikiAdmin","html_data":"data-bf_nom=\u0022PAUTET\u0022 data-bf_prenom=\u0022Claude\u0022 data-id_typeannonce=\u002231\u0022 data-id_fiche=\u0022PautetClaude\u0022 data-date_creation_fiche=\u00222022-10-09 11:29:32\u0022 data-statut_fiche=\u00221\u0022 data-date_maj_fiche=\u00222022-10-09 11:29:32\u0022 data-owner=\u0022WikiAdmin\u0022 ","url":"https:\/\/del-formation.fr\/PautetClaude","-is-external-":"0"}]