[{"bf_titre":"ARNAULT Olivier","bf_nom":"ARNAULT","bf_prenom":"Olivier","nature_des_productions":"Courte pr\u00e9sentation","bf_adresse1":"","bf_code_postal":"69 000","bf_ville":"Lyon","id_typeannonce":"30","id_fiche":"ArnaulT","imagebf_image":"ArnaulT_imagebf_image_OA_20220822112444_20220822112444.jpeg","date_creation_fiche":"2022-08-22 11:24:44","statut_fiche":"1","checkboxListeListeEquipeSyDelbf_checkbox_group":"res","date_maj_fiche":"2022-08-22 16:09:49","bf_geolocation":{"latitude":"45.7578137","longitude":"4.8320114","geometries":""},"user":"WikiAdmin","owner":"WikiAdmin","html_data":"data-bf_nom=\u0022ARNAULT\u0022 data-bf_prenom=\u0022Olivier\u0022 data-id_typeannonce=\u002230\u0022 data-id_fiche=\u0022ArnaulT\u0022 data-date_creation_fiche=\u00222022-08-22 11:24:44\u0022 data-statut_fiche=\u00221\u0022 data-checkboxListeListeEquipeSyDelbf_checkbox_group=\u0022res\u0022 data-date_maj_fiche=\u00222022-08-22 16:09:49\u0022 data-owner=\u0022WikiAdmin\u0022 ","url":"https:\/\/del-formation.fr\/ArnaulT","-is-external-":"0"},{"bf_titre":"BELLINA S\u00e9verine","bf_nom":"BELLINA","bf_prenom":"S\u00e9verine","nature_des_productions":"Courte pr\u00e9sentation","bf_adresse1":"","bf_code_postal":"75 000","bf_ville":"Paris","id_typeannonce":"30","id_fiche":"BellinA","imagebf_image":"BellinA_imagebf_image_SB_20220822111409_20220822111409.png","date_creation_fiche":"2022-08-22 11:14:09","statut_fiche":"1","checkboxListeListeEquipeSyDelbf_checkbox_group":"for,che","date_maj_fiche":"2022-08-22 16:10:09","bf_geolocation":{"latitude":"48.8880133","longitude":"2.3137814","geometries":""},"user":"WikiAdmin","owner":"WikiAdmin","html_data":"data-bf_nom=\u0022BELLINA\u0022 data-bf_prenom=\u0022S\u00e9verine\u0022 data-id_typeannonce=\u002230\u0022 data-id_fiche=\u0022BellinA\u0022 data-date_creation_fiche=\u00222022-08-22 11:14:09\u0022 data-statut_fiche=\u00221\u0022 data-checkboxListeListeEquipeSyDelbf_checkbox_group=\u0022for,che\u0022 data-date_maj_fiche=\u00222022-08-22 16:10:09\u0022 data-owner=\u0022WikiAdmin\u0022 ","url":"https:\/\/del-formation.fr\/BellinA","-is-external-":"0"},{"bf_titre":"DELARUE Sylvain","bf_nom":"DELARUE","bf_prenom":"Sylvain","nature_des_productions":"Sa triple formation en Sciences Humaines, Sciences de gestion et Analyse du travail nourrit son approche compr\u00e9hensive des organisations et des relations de travail. \r\nFormateur depuis 1987, son dynamisme et sa chaleur humaine en font un intervenant recherch\u00e9.","id_typeannonce":"30","id_fiche":"DelaruE","imagebf_image":"DelaruE_imagebf_image_SYLVAINRECAD2_20221009110959_20221009110959.png","date_creation_fiche":"2022-08-22 11:04:10","statut_fiche":"1","checkboxListeListeEquipeSyDelbf_checkbox_group":"for","date_maj_fiche":"2022-10-09 11:09:59","bf_geolocation":{"latitude":"43.8075849423317","longitude":"4.041306927683764","geometries":""},"user":"WikiAdmin","owner":"WikiAdmin","html_data":"data-bf_nom=\u0022DELARUE\u0022 data-bf_prenom=\u0022Sylvain\u0022 data-id_typeannonce=\u002230\u0022 data-id_fiche=\u0022DelaruE\u0022 data-date_creation_fiche=\u00222022-08-22 11:04:10\u0022 data-statut_fiche=\u00221\u0022 data-checkboxListeListeEquipeSyDelbf_checkbox_group=\u0022for\u0022 data-date_maj_fiche=\u00222022-10-09 11:09:59\u0022 data-owner=\u0022WikiAdmin\u0022 ","url":"https:\/\/del-formation.fr\/DelaruE","-is-external-":"0"},{"bf_titre":"DUBOEUF Patrick","bf_nom":"DUBOEUF","bf_prenom":"Patrick","nature_des_productions":"Formateur depuis 1989, ses capacit\u00e9s d\u2019adaptation et d\u2019\u00e9coute lui permettent de co construire des interventions productives et appr\u00e9ci\u00e9es. Docteur en sciences de gestion, ayant conduit une recherche sur la th\u00e9matique de la reconnaissance, La base de ses actions se concr\u00e9tise dans le maillage d\u2019une d\u00e9marche doctorale, de l\u2019exp\u00e9rience de l\u2019accompagnement en organisation, et de la mise en oeuvre p\u00e9dagogique.","id_typeannonce":"30","id_fiche":"DuboeuF","imagebf_image":"DuboeuF_imagebf_image_Patrick_retouche_20221009111118_20221009111118.png","date_creation_fiche":"2022-08-22 11:09:06","statut_fiche":"1","checkboxListeListeEquipeSyDelbf_checkbox_group":"for","date_maj_fiche":"2022-10-09 11:11:18","bf_geolocation":{"latitude":"45.18728343333155","longitude":"5.734724623616786","geometries":""},"user":"WikiAdmin","owner":"WikiAdmin","html_data":"data-bf_nom=\u0022DUBOEUF\u0022 data-bf_prenom=\u0022Patrick\u0022 data-id_typeannonce=\u002230\u0022 data-id_fiche=\u0022DuboeuF\u0022 data-date_creation_fiche=\u00222022-08-22 11:09:06\u0022 data-statut_fiche=\u00221\u0022 data-checkboxListeListeEquipeSyDelbf_checkbox_group=\u0022for\u0022 data-date_maj_fiche=\u00222022-10-09 11:11:18\u0022 data-owner=\u0022WikiAdmin\u0022 ","url":"https:\/\/del-formation.fr\/DuboeuF","-is-external-":"0"},{"bf_titre":"GAMBADE Thierry","bf_nom":"GAMBADE","bf_prenom":"Thierry","nature_des_productions":"courte pr\u00e9sentation","id_typeannonce":"30","id_fiche":"GambadE","imagebf_image":"GambadE_imagebf_image_Thierry_retouche_20221009111058_20221009111058.png","date_creation_fiche":"2022-08-22 11:08:15","statut_fiche":"1","checkboxListeListeEquipeSyDelbf_checkbox_group":"for","date_maj_fiche":"2022-10-09 11:10:58","bf_geolocation":{"latitude":"45.8992348","longitude":"6.1288847","geometries":""},"user":"WikiAdmin","owner":"WikiAdmin","html_data":"data-bf_nom=\u0022GAMBADE\u0022 data-bf_prenom=\u0022Thierry\u0022 data-id_typeannonce=\u002230\u0022 data-id_fiche=\u0022GambadE\u0022 data-date_creation_fiche=\u00222022-08-22 11:08:15\u0022 data-statut_fiche=\u00221\u0022 data-checkboxListeListeEquipeSyDelbf_checkbox_group=\u0022for\u0022 data-date_maj_fiche=\u00222022-10-09 11:10:58\u0022 data-owner=\u0022WikiAdmin\u0022 ","url":"https:\/\/del-formation.fr\/GambadE","-is-external-":"0"},{"bf_titre":"MAURICE Magali","bf_nom":"MAURICE","bf_prenom":"Magali","nature_des_productions":"Dipl\u00f4m\u00e9e en Sciences de l\u2019\u00e9ducation et en psychologie, elle allie \u00e0 ses exp\u00e9riences de Direction et d\u2019\u00e9lue locale un sens tr\u00e8s pragmatique de l\u2019efficacit\u00e9 collective et du management .\r\nFormatrice depuis 1991, sa bonne humeur et son \u00e9nergie sont tr\u00e8s appr\u00e9ci\u00e9es de ses interlocuteurs.","id_typeannonce":"30","id_fiche":"MauricE","imagebf_image":"MauricE_imagebf_image_Photo_Magali_Retouchee_20221009111027_20221009111027.png","date_creation_fiche":"2022-08-22 11:04:58","statut_fiche":"1","checkboxListeListeEquipeSyDelbf_checkbox_group":"for","date_maj_fiche":"2022-10-09 11:10:27","bf_geolocation":{"latitude":"43.807556947944505","longitude":"4.041213995951694","geometries":""},"user":"WikiAdmin","owner":"WikiAdmin","html_data":"data-bf_nom=\u0022MAURICE\u0022 data-bf_prenom=\u0022Magali\u0022 data-id_typeannonce=\u002230\u0022 data-id_fiche=\u0022MauricE\u0022 data-date_creation_fiche=\u00222022-08-22 11:04:58\u0022 data-statut_fiche=\u00221\u0022 data-checkboxListeListeEquipeSyDelbf_checkbox_group=\u0022for\u0022 data-date_maj_fiche=\u00222022-10-09 11:10:27\u0022 data-owner=\u0022WikiAdmin\u0022 ","url":"https:\/\/del-formation.fr\/MauricE","-is-external-":"0"},{"bf_titre":"PAUTET Claude","bf_nom":"PAUTET","bf_prenom":"Claude","nature_des_productions":"Une formation diversifi\u00e9e en droit public et sciences politiques, en \u00e9valuation des politiques publiques, compl\u00e9t\u00e9e par un dipl\u00f4me de coach et une longue exp\u00e9rience de direction d\u2019entreprise. Un accompagnateur d\u2019\u00e9quipes de direction reconnu car particuli\u00e8rement attentif aux conditions, notamment humaines et organisationnelles, de r\u00e9ussite de ses missions.","id_typeannonce":"30","id_fiche":"PauteT","imagebf_image":"PauteT_imagebf_image_Claude_retouche_20221009111045_20221009111045.png","date_creation_fiche":"2022-08-22 11:06:01","statut_fiche":"1","checkboxListeListeEquipeSyDelbf_checkbox_group":"for","date_maj_fiche":"2022-10-09 11:10:45","bf_geolocation":{"latitude":"45.7578137","longitude":"4.8320114","geometries":""},"user":"WikiAdmin","owner":"WikiAdmin","html_data":"data-bf_nom=\u0022PAUTET\u0022 data-bf_prenom=\u0022Claude\u0022 data-id_typeannonce=\u002230\u0022 data-id_fiche=\u0022PauteT\u0022 data-date_creation_fiche=\u00222022-08-22 11:06:01\u0022 data-statut_fiche=\u00221\u0022 data-checkboxListeListeEquipeSyDelbf_checkbox_group=\u0022for\u0022 data-date_maj_fiche=\u00222022-10-09 11:10:45\u0022 data-owner=\u0022WikiAdmin\u0022 ","url":"https:\/\/del-formation.fr\/PauteT","-is-external-":"0"},{"bf_titre":"TENEAU Gilles","bf_nom":"TENEAU","bf_prenom":"Gilles","nature_des_productions":"Chercheur associ\u00e9 au Lemna (Universit\u00e9 de Nantes) et enseignant au Cnam et \u00e0 l\u2019ESC d\u2019Amiens, Gilles intervient depuis 20 ans dans le conseil en organisation. Il a publi\u00e9 de nombreux ouvrages dans son domaine de pr\u00e9dilection, la r\u00e9silience organisationnelle. Il est d\u2019ailleurs le Pr\u00e9sident du Cir\u00e9ro (Centre de Recherche en R\u00e9silience des Organisations). Ses interventions en France et \u00e0 l\u2019\u00e9tranger sont appr\u00e9ci\u00e9es.\r\n- Gilles Teneau et G\u00e9raldine Lemoine, Toxic Handler (les absorbeurs d\u0027angoisse), Odile Jacob, 2018\r\n- Gilles Teneau, La r\u00e9silience des organisations, les fondamentaux, l\u0027Harmattan, 2017\r\n- Gilles Teneau, Structurer et transformer son organisation avec le r\u00e9f\u00e9rentiel ITIL, Connaissances et Savoirs, 2017","bf_adresse1":"","bf_code_postal":"75 000","bf_ville":"Paris","id_typeannonce":"30","id_fiche":"TeneaU","imagebf_image":"TeneaU_imagebf_image_Photo_gilles_v8_20220822111239_20220822111239.jpg","date_creation_fiche":"2022-08-22 11:12:40","statut_fiche":"1","checkboxListeListeEquipeSyDelbf_checkbox_group":"che","date_maj_fiche":"2022-08-22 16:07:54","bf_geolocation":{"latitude":"48.8880133","longitude":"2.3137814","geometries":""},"user":"WikiAdmin","owner":"WikiAdmin","html_data":"data-bf_nom=\u0022TENEAU\u0022 data-bf_prenom=\u0022Gilles\u0022 data-id_typeannonce=\u002230\u0022 data-id_fiche=\u0022TeneaU\u0022 data-date_creation_fiche=\u00222022-08-22 11:12:40\u0022 data-statut_fiche=\u00221\u0022 data-checkboxListeListeEquipeSyDelbf_checkbox_group=\u0022che\u0022 data-date_maj_fiche=\u00222022-08-22 16:07:54\u0022 data-owner=\u0022WikiAdmin\u0022 ","url":"https:\/\/del-formation.fr\/TeneaU","-is-external-":"0"}]